{"id":57650,"date":"2021-11-03T13:29:50","date_gmt":"2021-11-03T13:29:50","guid":{"rendered":"https:\/\/xn--daocerebral-2db.es\/nuestra-unidad-de-valencia-y-a-contracorrent-esport-adaptat-se-unen-para-potenciar-el-deporte-inclusivo\/"},"modified":"2024-01-05T15:14:29","modified_gmt":"2024-01-05T15:14:29","slug":"nuestra-unidad-de-valencia-y-a-contracorrent-esport-adaptat-se-unen-para-potenciar-el-deporte-inclusivo","status":"publish","type":"post","link":"https:\/\/xn--daocerebral-2db.es\/eu\/nuestra-unidad-de-valencia-y-a-contracorrent-esport-adaptat-se-unen-para-potenciar-el-deporte-inclusivo\/","title":{"rendered":"Nuestra Unidad de Valencia y \u2018A Contracorrent Esport Adaptat\u2019 se unen para potenciar el deporte inclusivo"},"content":{"rendered":"<p>Promover la pr\u00e1ctica del deporte y realizar actividades deportivas y de ocio adaptadas a las capacidades de cada participante es el prop\u00f3sito tanto de <a href=\"https:\/\/acontracorrent.es\/\" target=\"_blank\" rel=\"noopener\">A Contracorrent Esport Adaptat<\/a>\u00a0como de la alianza que ambas entidades hemos suscrito.<\/p>\n<p>La <a href=\"https:\/\/da\u00f1ocerebral.es\/la-red-menni\/la-red-menni-en-valencia\/\" target=\"_blank\" rel=\"noopener\">Unidad de Da\u00f1o Cerebral de\u00a0Hermanas Hospitalarias Valencia<\/a> y la asociaci\u00f3n \u2018A contracorrent Esport Adaptat\u2019 han firmado un convenio de colaboraci\u00f3n para potenciar el deporte infantil adaptado e inclusivo.<\/p>\n<h4><strong>Beneficios a todos los niveles<\/strong><\/h4>\n<p>Hace ya d\u00e9cadas que se conoce el potencial rehabilitador del deporte. Por nuestra experiencia en la rehabilitaci\u00f3n de personas de todas las edades con da\u00f1o cerebral, sabemos que es un gran aliado terap\u00e9utico. La terapia f\u00edsico-deportiva\u00a0mejora la salud y las capacidades a nivel\u00a0<strong>motor, cognitivo, conductual y emocional, ya que conlleva beneficios en el \u00e1mbito f\u00edsico, ps\u00edquico y social.<\/strong><\/p>\n<p>A\u00a0Contracorrent\u00a0Esport\u00a0Adaptat\u00a0es una asociaci\u00f3n sin \u00e1nimo de lucro, que nace con el objetivo de promover la pr\u00e1ctica del deporte, el desarrollo personal, la calidad de vida e inclusi\u00f3n social de\u00a0ni\u00f1@s\u00a0con diversidad funcional o con riesgo de tenerla. &#8220;Incentivamos y fomentamos la pr\u00e1ctica deportiva de una forma adaptada al deportista de manera que invertimos los beneficios de la actividad f\u00edsica en la promoci\u00f3n de la salud de las ni\u00f1as y ni\u00f1os&#8221;, declara la organizaci\u00f3n en su p\u00e1gina web. &#8220;El deporte adaptado para ni\u00f1os\/as tiene un gran impacto en las habilidades motoras, sociales, en la comunicaci\u00f3n y en la confianza en s\u00ed mismos. Al jugar en un ambiente donde los participantes tienen similares capacidades pueden disfrutar de un juego divertido y estimulante. Se fomentan la sociabilizaci\u00f3n y la inclusi\u00f3n deportiva mediante el trabajo en equipo y la cooperaci\u00f3n. Adem\u00e1s, el deporte adaptado les proporciona nuevos desaf\u00edos y les hace sentirse parte de un equipo&#8221;, prosigue.<\/p>\n<p><strong>Rodrigo Castelblanque<\/strong>, gerente del <a href=\"https:\/\/hospitalariasvalencia.es\/\" target=\"_blank\" rel=\"noopener\">Hermanas Hospitalarias Valencia<\/a>,\u00a0y\u00a0<strong>Sergio Mu\u00f1oz<\/strong>, presidente de\u00a0Asociaci\u00f3n A Contracorrent Esport Adaptat,\u00a0firmaron este acuerdo, convencidos de que sumando alianzas como esta lograremos potenciar el deporte adaptado e inclusivo en favor de nuestros peque\u00f1os pacientes.<\/p>\n<p>&nbsp;<\/p>\n","protected":false},"excerpt":{"rendered":"<p>Promover la pr\u00e1ctica del deporte y realizar actividades deportivas y de ocio adaptadas a las capacidades de cada participante es el prop\u00f3sito tanto de A Contracorrent Esport Adaptat\u00a0como de la alianza que ambas entidades hemos suscrito.<\/p>\n","protected":false},"author":3,"featured_media":57637,"comment_status":"open","ping_status":"open","sticky":false,"template":"","format":"standard","meta":{"footnotes":""},"categories":[1013,1042,1012,1011],"tags":[1089,1802,1434],"_links":{"self":[{"href":"https:\/\/xn--daocerebral-2db.es\/eu\/wp-json\/wp\/v2\/posts\/57650"}],"collection":[{"href":"https:\/\/xn--daocerebral-2db.es\/eu\/wp-json\/wp\/v2\/posts"}],"about":[{"href":"https:\/\/xn--daocerebral-2db.es\/eu\/wp-json\/wp\/v2\/types\/post"}],"author":[{"embeddable":true,"href":"https:\/\/xn--daocerebral-2db.es\/eu\/wp-json\/wp\/v2\/users\/3"}],"replies":[{"embeddable":true,"href":"https:\/\/xn--daocerebral-2db.es\/eu\/wp-json\/wp\/v2\/comments?post=57650"}],"version-history":[{"count":5,"href":"https:\/\/xn--daocerebral-2db.es\/eu\/wp-json\/wp\/v2\/posts\/57650\/revisions"}],"predecessor-version":[{"id":77374,"href":"https:\/\/xn--daocerebral-2db.es\/eu\/wp-json\/wp\/v2\/posts\/57650\/revisions\/77374"}],"wp:featuredmedia":[{"embeddable":true,"href":"https:\/\/xn--daocerebral-2db.es\/eu\/wp-json\/wp\/v2\/media\/57637"}],"wp:attachment":[{"href":"https:\/\/xn--daocerebral-2db.es\/eu\/wp-json\/wp\/v2\/media?parent=57650"}],"wp:term":[{"taxonomy":"category","embeddable":true,"href":"https:\/\/xn--daocerebral-2db.es\/eu\/wp-json\/wp\/v2\/categories?post=57650"},{"taxonomy":"post_tag","embeddable":true,"href":"https:\/\/xn--daocerebral-2db.es\/eu\/wp-json\/wp\/v2\/tags?post=57650"}],"curies":[{"name":"wp","href":"https:\/\/api.w.org\/{rel}","templated":true}]}}