{"id":15993,"date":"2014-04-01T15:03:49","date_gmt":"2014-04-01T15:03:49","guid":{"rendered":"http:\/\/da\u00f1ocerebral.es\/danio\/\/curso-reeducacion-de-la-motricidad-bucofacial-del-nino-segun-le-metayer-2\/"},"modified":"2024-01-07T20:04:03","modified_gmt":"2024-01-07T20:04:03","slug":"curso-reeducacion-de-la-motricidad-bucofacial-del-nino-segun-le-metayer-2","status":"publish","type":"post","link":"https:\/\/xn--daocerebral-2db.es\/eu\/curso-reeducacion-de-la-motricidad-bucofacial-del-nino-segun-le-metayer-2\/","title":{"rendered":"Curso: reeducaci\u00f3n de la motricidad bucofacial del ni\u00f1o seg\u00fan Le Met\u00e1yer"},"content":{"rendered":"<p>Dirigido a terapeutas ocupacionales, logopedas, profesionales de Educaci\u00f3n Especial y estudiantes de las disciplinas mencionadas.<!--more--><\/p>\n<p>Los pr\u00f3ximos 16, 17 y 18 de mayo se celebrar\u00e1 en la <strong><a title=\"Unidad de Da\u00f1o Cerebral N\u00aa S\u00aa del Carmen\" href=\"http:\/\/xn--daocerebral-2db.es\/la-red-menni\/la-red-menni-en-valencia\/\" target=\"_blank\" rel=\"noopener\">Unidad de Da\u00f1o Cerebral de Ntra. S\u00aa del Carmen<\/a>, deValencia,<\/strong> el curso <strong>\u201cReeducaci\u00f3n de la motricidad bucofacial del ni\u00f1o con par\u00e1lisis cerebral seg\u00fan Le M\u00e9tayer: introducci\u00f3n teorico-pr\u00e1ctica\u201d.<\/strong><\/p>\n<p>De la mano de <strong>Eva M\u00aa Fern\u00e1ndez Cepillo<\/strong>, fisioterapeuta del <strong>Centro S.A.R. Infanta Cristina. U.PA.CE- San Fernando<\/strong>, y de acuerdo al programa publicado en la parte inferior de esta \u00a0p\u00e1gina, los participantes en este curso conoceran con detalle los conceptos de <strong>desarrollo evolutivo del reci\u00e9n nacido normal, su examen neuromotor, su fisiolog\u00eda y anatom\u00eda<\/strong>. Tambi\u00e9n profundizaran en la valoraci\u00f3n bucofacial de las estructuras implicadas en la degluci\u00f3n, el diagn\u00f3stico de las posibles alteraciones de la degluci\u00f3n en ni\u00f1os con PC y su intervenci\u00f3n.<\/p>\n<p><strong>Michel Le M\u00e9tayer<\/strong> basa su m\u00e9todo en que la educaci\u00f3n y el entrenamiento s\u00f3lo son posibles en la medida en que las zonas de asociaci\u00f3n son capaces de funcionar. <strong>Partiendo de las reacciones neuromotrices del ni\u00f1o normal, intenta provocar en el ni\u00f1o con PC esquemas neuromotores normales.<\/strong><\/p>\n<p>Las 25 plazas previstas para este curso, de 20 horas lectivas, se reservar\u00e1n por riguroso orden de inscripci\u00f3n. En caso de no superar un m\u00ednimo de 16 inscripciones, el curso no se llevar\u00e1 a cabo y se devolver\u00e1 el 100% de la cuota a las personas inscritas.<\/p>\n<p>El precio (190 euros) incluye la documentaci\u00f3n del curso, el material para la realizaci\u00f3n de diferentes pr\u00e1cticas y coffeebreak. <strong>Para inscribirse hay que enviar el formulario de preinscripci\u00f3n<\/strong> a la direcci\u00f3n <a href=\"mailto:ranton@hospitalariasmadrid.org\">ranton.hbma@hospitalarias.es<\/a>. Una vez aceptada la preinscripci\u00f3n, se abonar\u00e1 el importe total del curso en un m\u00e1ximo de dos d\u00edas en el n\u00famero de cuenta que se indicar\u00e1 en el mismo correo en el que se informar\u00e1 de la aceptaci\u00f3n.<\/p>\n<p style=\"margin: 12px auto 6px auto; font-family: Helvetica,Arial,Sans-serif; font-style: normal; font-variant: normal; font-weight: normal; font-size: 14px; line-height: normal; font-size-adjust: none; font-stretch: normal; -x-system-font: none; display: block;\"><a style=\"text-decoration: underline;\" title=\"View Curso REEDUCACI\u00d3N DE LA MOTRICIDAD BUCOFACIAL DEL NI\u00d1O CON P.C SEG\u00daN MICHEL LE M\u00c9TAYER: INTRODUCCI\u00d3N TEORICOPR\u00c1CTICA on Scribd\" href=\"http:\/\/es.scribd.com\/doc\/215700708\/Curso-REEDUCACION-DE-LA-MOTRICIDAD-BUCOFACIAL-DEL-NINO-CON-P-C-SEGUN-MICHEL-LE-METAYER-INTRODUCCION-TEORICOPRACTICA\" target=\"_blank\" rel=\"noopener\">Curso REEDUCACI\u00d3N DE LA MOTRICIDAD BUCOFACIAL DEL NI\u00d1O CON P.C SEG\u00daN MICHEL LE M\u00c9TAYER: INTRODUCCI\u00d3N TEORIC&#8230;<\/a> by <a style=\"text-decoration: underline;\" title=\"View Red Menni de Da\u00f1o Cerebral&#039;s profile on Scribd\" href=\"http:\/\/www.scribd.com\/Red_Menni_DC\" target=\"_blank\" rel=\"noopener\">Red Menni de Da\u00f1o Cerebral<\/a><\/p>\n<p><iframe loading=\"lazy\" id=\"doc_1493\" src=\"\/\/www.scribd.com\/embeds\/215700708\/content?start_page=1&amp;view_mode=scroll&amp;access_key=key-gw62lcqnac9cbwm292o&amp;show_recommendations=true\" width=\"100%\" height=\"600\" frameborder=\"0\" scrolling=\"no\" data-auto-height=\"false\" data-aspect-ratio=\"1.41444270015699\" data-mce-fragment=\"1\"><\/iframe><\/p>\n","protected":false},"excerpt":{"rendered":"<p>Dirigido a terapeutas ocupacionales, logopedas, profesionales de Educaci\u00f3n Especial y estudiantes de las disciplinas mencionadas.<\/p>\n","protected":false},"author":3,"featured_media":70421,"comment_status":"open","ping_status":"open","sticky":false,"template":"","format":"standard","meta":{"footnotes":""},"categories":[1013,1042,1011],"tags":[1014,1766,1015],"_links":{"self":[{"href":"https:\/\/xn--daocerebral-2db.es\/eu\/wp-json\/wp\/v2\/posts\/15993"}],"collection":[{"href":"https:\/\/xn--daocerebral-2db.es\/eu\/wp-json\/wp\/v2\/posts"}],"about":[{"href":"https:\/\/xn--daocerebral-2db.es\/eu\/wp-json\/wp\/v2\/types\/post"}],"author":[{"embeddable":true,"href":"https:\/\/xn--daocerebral-2db.es\/eu\/wp-json\/wp\/v2\/users\/3"}],"replies":[{"embeddable":true,"href":"https:\/\/xn--daocerebral-2db.es\/eu\/wp-json\/wp\/v2\/comments?post=15993"}],"version-history":[{"count":1,"href":"https:\/\/xn--daocerebral-2db.es\/eu\/wp-json\/wp\/v2\/posts\/15993\/revisions"}],"predecessor-version":[{"id":82953,"href":"https:\/\/xn--daocerebral-2db.es\/eu\/wp-json\/wp\/v2\/posts\/15993\/revisions\/82953"}],"wp:featuredmedia":[{"embeddable":true,"href":"https:\/\/xn--daocerebral-2db.es\/eu\/wp-json\/wp\/v2\/media\/70421"}],"wp:attachment":[{"href":"https:\/\/xn--daocerebral-2db.es\/eu\/wp-json\/wp\/v2\/media?parent=15993"}],"wp:term":[{"taxonomy":"category","embeddable":true,"href":"https:\/\/xn--daocerebral-2db.es\/eu\/wp-json\/wp\/v2\/categories?post=15993"},{"taxonomy":"post_tag","embeddable":true,"href":"https:\/\/xn--daocerebral-2db.es\/eu\/wp-json\/wp\/v2\/tags?post=15993"}],"curies":[{"name":"wp","href":"https:\/\/api.w.org\/{rel}","templated":true}]}}