{"id":15833,"date":"2013-11-07T17:06:44","date_gmt":"2013-11-07T17:06:44","guid":{"rendered":"http:\/\/da\u00f1ocerebral.es\/danio\/\/esta-situacion-me-esta-resultando-durisima-la-afronto-con-positivismo-y-con-la-familia-3\/"},"modified":"2024-01-07T21:07:25","modified_gmt":"2024-01-07T21:07:25","slug":"esta-situacion-me-esta-resultando-durisima-la-afronto-con-positivismo-y-con-la-familia","status":"publish","type":"post","link":"https:\/\/xn--daocerebral-2db.es\/eu\/esta-situacion-me-esta-resultando-durisima-la-afronto-con-positivismo-y-con-la-familia\/","title":{"rendered":"&#8220;Esta situaci\u00f3n me est\u00e1 resultando dur\u00edsima. La afronto con positivismo y con la familia&#8221;"},"content":{"rendered":"<blockquote><p>Pablo Albisua sobrelleva el da\u00f1o cerebral con humor y el apoyo de los suyos. Este decorador guipuzcoano recibe rehabilitaci\u00f3n en la UDC del Hospital Aita Menni; sabe que es dif\u00edcil recuperar las capacidades que exige su profesi\u00f3n pero sigue empe\u00f1ado en vivir de sus dibujos.<\/p><\/blockquote>\n<p>El pasado mes de julio, sin haber cumplido los 50, Pablo Albisua sufri\u00f3\u00a0un <strong>ictus isqu\u00e9mico<\/strong> emb\u00f3lico de origen card\u00edaco. Tres semanas despu\u00e9s, ingres\u00f3 en la Unidad de Da\u00f1o Cerebral de las Hermanas Hospitalarias en Arrasate-Mondrag\u00f3n para recibir rehabilitaci\u00f3n intensiva. Destaca su <strong>lucha y motivaci\u00f3n<\/strong> hacia el tratamiento rehabilitador. Se enfrenta a m\u00faltiples problemas a causa de su lesi\u00f3n cerebral: hemiparesia y hemihipoestesia izquierda, d\u00e9ficit de atenci\u00f3n y an\u00e1lisis visoespacial y de las funciones ejecutivas, y a una dependencia parcial para realizar las actividades b\u00e1sicas de la vida diaria.<\/p>\n<p><strong>&#8211; Pablo,\u00a0\u00bfalguna vez pensaste que esto te podr\u00eda pasar a ti?<\/strong><\/p>\n<p>Ni se me pas\u00f3 por la cabeza.<\/p>\n<p><strong>&#8211; Trabajabas como decorador y ahora llevas un tiempo\u00a0<strong>sin poder ir al trabajo&#8230;<\/strong><\/strong><\/p>\n<p>S\u00ed, he trabajado m\u00e1s de 20 a\u00f1os, en muebles Irureta, en Azpeitia. Hace unos tres meses que estoy de baja.<\/p>\n<p><strong>&#8211; Necesitas la mano afecta para dibujar, \u00bfhasta qu\u00e9 punto te condiciona el problema de movilidad, espasticidad, etc.?<\/strong><\/p>\n<div id=\"attachment_11861\" style=\"width: 528px\" class=\"wp-caption alignright\"><a href=\"https:\/\/www.facebook.com\/media\/set\/?set=a.632268310158042.1073741856.135683853149826&amp;type=1&amp;l=dcae1c1ffb\" target=\"_blank\" rel=\"noopener\"><img loading=\"lazy\" decoding=\"async\" aria-describedby=\"caption-attachment-11861\" class=\" wp-image-11861 \" title=\"Pablo Albizua\" src=\"http:\/\/xn--daocerebral-2db.es\/wp-content\/uploads\/2013\/11\/2013-10-29-11.58.03.jpg\" alt=\"Pablo Albizua\" width=\"518\" height=\"389\" srcset=\"https:\/\/xn--daocerebral-2db.es\/wp-content\/uploads\/2013\/11\/2013-10-29-11.58.03.jpg 640w, https:\/\/xn--daocerebral-2db.es\/wp-content\/uploads\/2013\/11\/2013-10-29-11.58.03-300x225.jpg 300w, https:\/\/xn--daocerebral-2db.es\/wp-content\/uploads\/2013\/11\/2013-10-29-11.58.03-220x165.jpg 220w, https:\/\/xn--daocerebral-2db.es\/wp-content\/uploads\/2013\/11\/2013-10-29-11.58.03-460x345.jpg 460w\" sizes=\"(max-width: 518px) 100vw, 518px\" \/><\/a><p id=\"caption-attachment-11861\" class=\"wp-caption-text\">&#8220;De todas las situaciones se aprenden cosas&#8221;. A pesar de lo duro de la situaci\u00f3n, Pablo Albisua asegura que este golpe le ha quitado muchos peque\u00f1os miedos que antes ten\u00eda.<\/p><\/div>\n<p>Soy zurdo, ahora intentar\u00e9 arreglarme con la derecha.<\/p>\n<p><strong>&#8211; \u00bfHas pensado en dejar de trabajar debido a los d\u00e9ficits que te ha causado la lesi\u00f3n cerebral o en trabajar en otra cosa ?\u00a0<\/strong><\/p>\n<p>En dejar de trabajar, no, tengo que vivir de algo.<\/p>\n<p><strong>&#8211; \u00bfCrees que ser\u00e1 posible reincorporarte a\u00a0 tu puesto de trabajo?<\/strong><\/p>\n<p>A mi puesto de trabajo muy dif\u00edcil. Es cara al p\u00fablico y muy exigente. As\u00ed que creo que volver a trabajar en las condiciones de antes ser\u00e1 complicado. En la empresa me encargaba desde la captaci\u00f3n del cliente a la medici\u00f3n pasando por la realizaci\u00f3n del proyecto, los pedidos y su supervisi\u00f3n hasta la colocaci\u00f3n de muebles en la casa.<\/p>\n<p><strong>&#8211; \u00bfEn qu\u00e9 medida la tecnolog\u00eda te puede ayudar?<\/strong><\/p>\n<p>Las tecnolog\u00edas me van a favorecer para poder hacer los proyectos. Hasta ahora hac\u00eda los proyectos a mano, con papel y l\u00e1piz; pienso que tendr\u00e9 que ponerme las pilas y aprender a utilizar los programas inform\u00e1ticos para hacer los proyectos.<\/p>\n<p><strong>&#8211; Seguro que est\u00e1s d\u00e1ndole vueltas a alguna idea de negocio que pueda ayudarte a seguir viviendo de tu profesi\u00f3n.\u00a0<\/strong><\/p>\n<p>Podr\u00eda decir que intentar\u00e9 sacar partido a la faceta art\u00edstica, aunque me est\u00e1 resultando m\u00e1s dif\u00edcil que que me crezcan champi\u00f1ones en el s\u00f3tano (no tengo s\u00f3tano).<\/p>\n<p>&#8211;<strong> Alguna otra cosa que quieras transmitirnos.<\/strong><\/p>\n<p>Pues que esta situaci\u00f3n me est\u00e1 resultando dur\u00edsima. La afronto con positivismo y con la familia. \u00a1Menudo golpe! Pero seguimos vivos, y\u00a0 tengo intenciones de seguir dando guerra. De todas las situaciones se aprenden cosas, adem\u00e1s de volver a aprender a andar he aprendido a valorar el d\u00eda a d\u00eda y las cosas peque\u00f1as, pero no por eso menos importantes. Este golpe me ha quitado muchos peque\u00f1os miedos que antes ten\u00eda.<\/p>\n","protected":false},"excerpt":{"rendered":"<p>Pablo Albisua sobrelleva el da\u00f1o cerebral con humor y el apoyo de los suyos. Este decorador guipuzcoano recibe rehabilitaci\u00f3n en la UDC del Hospital Aita Menni; sabe que es dif\u00edcil recuperar las capacidades que exige su profesi\u00f3n pero sigue empe\u00f1ado en vivir de sus dibujos. El pasado mes de julio, sin haber cumplido los 50,&hellip;<\/p>\n","protected":false},"author":3,"featured_media":70049,"comment_status":"open","ping_status":"open","sticky":false,"template":"","format":"standard","meta":{"footnotes":""},"categories":[1013,1012,1011],"tags":[3508,1014,1480,1117,3509,3510,1341,3511],"_links":{"self":[{"href":"https:\/\/xn--daocerebral-2db.es\/eu\/wp-json\/wp\/v2\/posts\/15833"}],"collection":[{"href":"https:\/\/xn--daocerebral-2db.es\/eu\/wp-json\/wp\/v2\/posts"}],"about":[{"href":"https:\/\/xn--daocerebral-2db.es\/eu\/wp-json\/wp\/v2\/types\/post"}],"author":[{"embeddable":true,"href":"https:\/\/xn--daocerebral-2db.es\/eu\/wp-json\/wp\/v2\/users\/3"}],"replies":[{"embeddable":true,"href":"https:\/\/xn--daocerebral-2db.es\/eu\/wp-json\/wp\/v2\/comments?post=15833"}],"version-history":[{"count":1,"href":"https:\/\/xn--daocerebral-2db.es\/eu\/wp-json\/wp\/v2\/posts\/15833\/revisions"}],"predecessor-version":[{"id":83007,"href":"https:\/\/xn--daocerebral-2db.es\/eu\/wp-json\/wp\/v2\/posts\/15833\/revisions\/83007"}],"wp:featuredmedia":[{"embeddable":true,"href":"https:\/\/xn--daocerebral-2db.es\/eu\/wp-json\/wp\/v2\/media\/70049"}],"wp:attachment":[{"href":"https:\/\/xn--daocerebral-2db.es\/eu\/wp-json\/wp\/v2\/media?parent=15833"}],"wp:term":[{"taxonomy":"category","embeddable":true,"href":"https:\/\/xn--daocerebral-2db.es\/eu\/wp-json\/wp\/v2\/categories?post=15833"},{"taxonomy":"post_tag","embeddable":true,"href":"https:\/\/xn--daocerebral-2db.es\/eu\/wp-json\/wp\/v2\/tags?post=15833"}],"curies":[{"name":"wp","href":"https:\/\/api.w.org\/{rel}","templated":true}]}}