{"id":88143,"date":"2024-06-21T07:05:42","date_gmt":"2024-06-21T07:05:42","guid":{"rendered":"https:\/\/xn--daocerebral-2db.es\/?p=88143"},"modified":"2024-06-21T07:33:21","modified_gmt":"2024-06-21T07:33:21","slug":"importancia-de-la-rehabilitacion-logopedica-en-pacientes-con-ela-testimonio-de-jaime-lafita","status":"publish","type":"post","link":"https:\/\/xn--daocerebral-2db.es\/en\/importancia-de-la-rehabilitacion-logopedica-en-pacientes-con-ela-testimonio-de-jaime-lafita\/","title":{"rendered":"Importancia de la rehabilitaci\u00f3n logop\u00e9dica en pacientes con ELA. Testimonio de Jaime Lafita"},"content":{"rendered":"<p>En el marco del D\u00eda Mundial de la ELA 2024, Oihana Ramos, logopeda de <a href=\"https:\/\/www.aita-menni.org\/\" target=\"_blank\" rel=\"noopener\">Hermanas Hospitalarias Aita Menni<\/a>, y Jaime Lafita, paciente de ELA, subrayan la relevancia de la logopedia en el tratamiento de esta enfermedad neurodegenerativa. A trav\u00e9s de la rehabilitaci\u00f3n logop\u00e9dica, se busca mejorar la calidad de vida abordando dificultades para tragar y hablar. Jaime Lafita, que lleva m\u00e1s de cinco a\u00f1os recibiendo tratamiento en el Centro de Neurorrehabilitaci\u00f3n de Hermanas Hospitalarias Aita Menni en Bilbao, subraya la necesidad de avanzar en investigaci\u00f3n cient\u00edfica y de facilitar a las personas afectadas el acceso a las distintas terapias.<\/p>\n<p>Con motivo del D\u00eda Mundial de la ELA, 21, de junio, <strong>Oihana Ramos<\/strong>, logopeda del Hospital Aita Menni, y <strong>Jaime Lafita<\/strong>, enfermo de ELA y motor de la <a href=\"https:\/\/dalecandela.org\/\" target=\"_blank\" rel=\"noopener\">Asociaci\u00f3n DalecandELA<\/a>, nos recuerdan la importancia de la rehabilitaci\u00f3n logop\u00e9dica en esta enfermedad neurodegenerativa.<\/p>\n<p>La esclerosis lateral amiotr\u00f3fica (ELA) es una enfermedad neurodegenerativa que afecta a la motoneurona superior e inferior, que es la responsable de los movimientos voluntarios de nuestro cuerpo. Distintas terapias ayudan a mantener la movilidad y la funci\u00f3n muscular durante el mayor tiempo posible.<\/p>\n<p>La logopedia es la disciplina que interviene tanto en la <a href=\"https:\/\/xn--daocerebral-2db.es\/en\/repasando-conocimientos-sobre-el-abordaje-de-la-disfagia\/\" target=\"_blank\" rel=\"noopener\">disfagia<\/a>, que es la dificultad para tragar, como en la <a href=\"https:\/\/xn--daocerebral-2db.es\/en\/publicacion\/disartria-cuando-la-musculatura-que-controla-los-organos-necesarios-para-hablar-se-ve-afectada\/\" target=\"_blank\" rel=\"noopener\">disartria<\/a>, que es la dificultad para hablar. <strong>Jaime Lafita<\/strong> lleva m\u00e1s de cinco a\u00f1os recibiendo <a href=\"https:\/\/xn--daocerebral-2db.es\/en\/el-trabajo-de-logopedia-en-pacientes-con-ela\/\" target=\"_blank\" rel=\"noopener\">tratamiento logop\u00e9dico<\/a> en el <a href=\"https:\/\/da\u00f1ocerebral.es\/la-red-menni\/la-red-menni-en-el-pais-vasco\/\" target=\"_blank\" rel=\"noopener\">Centro de Neurorrehabilitaci\u00f3n de Hermanas Hospitalarias Aita Menni<\/a> en Bilbao. En este v\u00eddeo quiere compartir su opini\u00f3n sobre la necesidad de avanzar en la investigaci\u00f3n cient\u00edfica y de ofrecer a las personas con ELA un mejor futuro y un mayor acceso a las distintas opciones terap\u00e9uticas disponibles.<\/p>\n<p><iframe loading=\"lazy\" title=\"Rehabilitaci\u00f3n logop\u00e9dica y ELA - Red Menni DCA - Hermanas Hospitalarias Aita Menni\" width=\"1200\" height=\"675\" src=\"https:\/\/www.youtube.com\/embed\/1yNaEADdFTc?feature=oembed\" frameborder=\"0\" allow=\"accelerometer; autoplay; clipboard-write; encrypted-media; gyroscope; picture-in-picture; web-share\" referrerpolicy=\"strict-origin-when-cross-origin\" allowfullscreen><\/iframe><\/p>\n<p>&nbsp;<\/p>\n","protected":false},"excerpt":{"rendered":"<p>En el marco del D\u00eda Mundial de la ELA 2024, Oihana Ramos, logopeda de Hermanas Hospitalarias Aita Menni, y Jaime Lafita, paciente de ELA, subrayan la relevancia de la logopedia en el tratamiento de esta enfermedad neurodegenerativa. A trav\u00e9s de la rehabilitaci\u00f3n logop\u00e9dica, se busca mejorar la calidad de vida abordando dificultades para tragar y hablar. Jaime Lafita, que lleva m\u00e1s de cinco a\u00f1os recibiendo tratamiento en el Centro de Neurorrehabilitaci\u00f3n de Hermanas Hospitalarias Aita Menni en Bilbao, subraya la necesidad de avanzar en investigaci\u00f3n cient\u00edfica y de facilitar a las personas afectadas el acceso a las distintas terapias.<\/p>\n","protected":false},"author":3,"featured_media":88138,"comment_status":"open","ping_status":"open","sticky":false,"template":"","format":"standard","meta":{"footnotes":""},"categories":[1004,1036,1003,1002],"tags":[],"_links":{"self":[{"href":"https:\/\/xn--daocerebral-2db.es\/en\/wp-json\/wp\/v2\/posts\/88143"}],"collection":[{"href":"https:\/\/xn--daocerebral-2db.es\/en\/wp-json\/wp\/v2\/posts"}],"about":[{"href":"https:\/\/xn--daocerebral-2db.es\/en\/wp-json\/wp\/v2\/types\/post"}],"author":[{"embeddable":true,"href":"https:\/\/xn--daocerebral-2db.es\/en\/wp-json\/wp\/v2\/users\/3"}],"replies":[{"embeddable":true,"href":"https:\/\/xn--daocerebral-2db.es\/en\/wp-json\/wp\/v2\/comments?post=88143"}],"version-history":[{"count":7,"href":"https:\/\/xn--daocerebral-2db.es\/en\/wp-json\/wp\/v2\/posts\/88143\/revisions"}],"predecessor-version":[{"id":88174,"href":"https:\/\/xn--daocerebral-2db.es\/en\/wp-json\/wp\/v2\/posts\/88143\/revisions\/88174"}],"wp:featuredmedia":[{"embeddable":true,"href":"https:\/\/xn--daocerebral-2db.es\/en\/wp-json\/wp\/v2\/media\/88138"}],"wp:attachment":[{"href":"https:\/\/xn--daocerebral-2db.es\/en\/wp-json\/wp\/v2\/media?parent=88143"}],"wp:term":[{"taxonomy":"category","embeddable":true,"href":"https:\/\/xn--daocerebral-2db.es\/en\/wp-json\/wp\/v2\/categories?post=88143"},{"taxonomy":"post_tag","embeddable":true,"href":"https:\/\/xn--daocerebral-2db.es\/en\/wp-json\/wp\/v2\/tags?post=88143"}],"curies":[{"name":"wp","href":"https:\/\/api.w.org\/{rel}","templated":true}]}}