{"id":25939,"date":"2016-01-15T08:14:04","date_gmt":"2016-01-15T08:14:03","guid":{"rendered":"http:\/\/xn--daocerebral-2db.es\/?p=25939"},"modified":"2024-01-07T15:50:18","modified_gmt":"2024-01-07T15:50:18","slug":"el-ayuntamiento-de-bilbao-apoya-a-la-agrupacion-deportiva-aita-menni","status":"publish","type":"post","link":"https:\/\/xn--daocerebral-2db.es\/en\/el-ayuntamiento-de-bilbao-apoya-a-la-agrupacion-deportiva-aita-menni\/","title":{"rendered":"El Ayuntamiento de Bilbao apoya a la Agrupaci\u00f3n Deportiva Aita Menni"},"content":{"rendered":"<p>Le concede una ayuda 1.014 euros a trav\u00e9s del Instituto Municipal de Deportes, Bilbao Kirolak<\/p>\n<p><img loading=\"lazy\" decoding=\"async\" class=\"alignright wp-image-25871\" src=\"https:\/\/xn--daocerebral-2db.es\/wp-content\/uploads\/2016\/01\/Bilbao-Kirolak.jpg\" alt=\"Bilbao-Kirolak\" width=\"300\" height=\"398\" srcset=\"https:\/\/xn--daocerebral-2db.es\/wp-content\/uploads\/2016\/01\/Bilbao-Kirolak.jpg 400w, https:\/\/xn--daocerebral-2db.es\/wp-content\/uploads\/2016\/01\/Bilbao-Kirolak-226x300.jpg 226w\" sizes=\"(max-width: 300px) 100vw, 300px\" \/><br \/>\nLa <a title=\"ADAM\" href=\"http:\/\/xn--daocerebral-2db.es\/el-hospital-aita-menni-crea-una-agrupacion-deportiva-para-potenciar-el-ejercicio-regular-de-deporte-inclusivo\/\" target=\"_blank\" rel=\"noopener\">Agrupaci\u00f3n Deportiva Aita Menni, ADAM<\/a>\u00a0es una de las entidades beneficiarias de las ayudas que cada a\u00f1o destina el <a href=\"http:\/\/www.bilbao.net\/\" target=\"_blank\" rel=\"noopener\">Ayuntamiento de Bilbao<\/a> al fomento del deporte en la villa a trav\u00e9s del Instituto Municipal de Deportes, <a href=\"http:\/\/www.bilbaokirolak.com\/\" target=\"_blank\" rel=\"noopener\">Bilbao Kirolak<\/a>. Concretamente, ADAM ha recibido <strong>1.014 euros <\/strong>de las arcas municipales. Esta ayuda econ\u00f3mica ser\u00e1 <strong>un gran apoyo para afrontar los gastos derivados de las distintas actividades en las que participan los 28 deportistas con da\u00f1o cerebral que la integran<\/strong>.<\/p>\n<p>Con este apoyo al deporte adaptado, el ayuntamiento de la capital vizca\u00edna impulsa la participaci\u00f3n continuada de las personas con discapacidad en actividades saludables, l\u00fadicas e integradoras.<\/p>\n<h5><strong>Entrenamientos semanales<\/strong><\/h5>\n<p>Mientras, los deportistas ADAM siguen entrenando cada semana a boccia, nataci\u00f3n y ciclismo. Muchos de ellos se han animado a federarse y a competir, y ya est\u00e1n d\u00e1ndonos alegr\u00edas. La \u00faltima de ellas nos llega de la mano de <strong>Carlos Keller<\/strong> y\u00a0<strong>Javi\u00a0D\u00edaz<\/strong>. Ambos participaron en el <strong>Campeonato Interauton\u00f3mico de Boccia<\/strong> para la categor\u00eda BC2 que se celebr\u00f3 el d\u00eda 13 de enero en Vitoria-Gazteiz.<\/p>\n<p><img loading=\"lazy\" decoding=\"async\" class=\"alignright size-full wp-image-25878\" src=\"https:\/\/xn--daocerebral-2db.es\/wp-content\/uploads\/2016\/01\/Carlos-Keller.jpg\" alt=\"Carlos-Keller\" width=\"600\" height=\"391\" srcset=\"https:\/\/xn--daocerebral-2db.es\/wp-content\/uploads\/2016\/01\/Carlos-Keller.jpg 600w, https:\/\/xn--daocerebral-2db.es\/wp-content\/uploads\/2016\/01\/Carlos-Keller-300x195.jpg 300w\" sizes=\"(max-width: 600px) 100vw, 600px\" \/><\/p>\n<h5><strong>Boccia:\u00a0<\/strong><strong>Ascenso a primera divisi\u00f3n\u00a0 para competir por la Liga de la Zona Norte<\/strong><\/h5>\n<p>\u00danicamente van a poder competir por la Liga de la Zona Norte los deportistas que quedaron primeros de cada grupo en este campeonato interauton\u00f3mico celebrado en Vitoria. En \u00e9l participaron jugadores guipuzcoanos, alaveses, navarros y vizca\u00ednos. Carlos Keller fue uno de los participantes que qued\u00f3 primero de su grupo y, por tanto, asciende a primera divisi\u00f3n. Los deportistas de la\u00a0<strong>Liga de la Zona Norte<\/strong>\u00a0competir\u00e1n para acceder al Campeonato Nacional.<\/p>\n<p>Desde aqu\u00ed queremos dar nuestra enhorabuena a Carlos Keller, que pasa a ser de primera divisi\u00f3n y a disputar la liga. En ADAM\u00a0<strong>\u00a1ya tenemos un campe\u00f3n!<\/strong>\u00a0S\u00f3lo pasan los ganadores de cada grupo en el campeonato de Vitoria y Javi D\u00edaz no tuvo tanta suerte: qued\u00f3 cuarto, empatado a puntos con el tercero. Pero sigue muy animado, continuar\u00e1 entrenando dos d\u00edas por semana en el polideportivo de San Ignacio, juntos sus otros 5 compa\u00f1eros de equipo, y representando a la Agrupaci\u00f3n Deportiva Aita Menni en otros torneos. Enhorabuena tambi\u00e9n,\u00a0<strong>Javi, \u00a1habr\u00e1 muchas oportunidades de ganar!<\/strong><\/p>\n","protected":false},"excerpt":{"rendered":"<p>Le concede una ayuda 1.014 euros a trav\u00e9s del Instituto Municipal de Deportes, Bilbao Kirolak La Agrupaci\u00f3n Deportiva Aita Menni, ADAM\u00a0es una de las entidades beneficiarias de las ayudas que cada a\u00f1o destina el Ayuntamiento de Bilbao al fomento del deporte en la villa a trav\u00e9s del Instituto Municipal de Deportes, Bilbao Kirolak. Concretamente, ADAM&hellip;<\/p>\n","protected":false},"author":3,"featured_media":72122,"comment_status":"open","ping_status":"open","sticky":false,"template":"","format":"standard","meta":{"footnotes":""},"categories":[1004,1036,1003,1002],"tags":[1097,1085],"_links":{"self":[{"href":"https:\/\/xn--daocerebral-2db.es\/en\/wp-json\/wp\/v2\/posts\/25939"}],"collection":[{"href":"https:\/\/xn--daocerebral-2db.es\/en\/wp-json\/wp\/v2\/posts"}],"about":[{"href":"https:\/\/xn--daocerebral-2db.es\/en\/wp-json\/wp\/v2\/types\/post"}],"author":[{"embeddable":true,"href":"https:\/\/xn--daocerebral-2db.es\/en\/wp-json\/wp\/v2\/users\/3"}],"replies":[{"embeddable":true,"href":"https:\/\/xn--daocerebral-2db.es\/en\/wp-json\/wp\/v2\/comments?post=25939"}],"version-history":[{"count":1,"href":"https:\/\/xn--daocerebral-2db.es\/en\/wp-json\/wp\/v2\/posts\/25939\/revisions"}],"predecessor-version":[{"id":82054,"href":"https:\/\/xn--daocerebral-2db.es\/en\/wp-json\/wp\/v2\/posts\/25939\/revisions\/82054"}],"wp:featuredmedia":[{"embeddable":true,"href":"https:\/\/xn--daocerebral-2db.es\/en\/wp-json\/wp\/v2\/media\/72122"}],"wp:attachment":[{"href":"https:\/\/xn--daocerebral-2db.es\/en\/wp-json\/wp\/v2\/media?parent=25939"}],"wp:term":[{"taxonomy":"category","embeddable":true,"href":"https:\/\/xn--daocerebral-2db.es\/en\/wp-json\/wp\/v2\/categories?post=25939"},{"taxonomy":"post_tag","embeddable":true,"href":"https:\/\/xn--daocerebral-2db.es\/en\/wp-json\/wp\/v2\/tags?post=25939"}],"curies":[{"name":"wp","href":"https:\/\/api.w.org\/{rel}","templated":true}]}}