{"id":42745,"date":"2019-02-26T15:39:42","date_gmt":"2019-02-26T15:39:42","guid":{"rendered":"https:\/\/xn--daocerebral-2db.es\/?p=42745"},"modified":"2024-01-06T15:44:06","modified_gmt":"2024-01-06T15:44:06","slug":"traje-termico-para-que-las-personas-con-discapacidad-puedan-disfrutar-del-agua","status":"publish","type":"post","link":"https:\/\/xn--daocerebral-2db.es\/ca\/traje-termico-para-que-las-personas-con-discapacidad-puedan-disfrutar-del-agua\/","title":{"rendered":"Traje t\u00e9rmico para que las personas con discapacidad puedan disfrutar del agua"},"content":{"rendered":"<p>Con el neopreno se mantiene el calor corporal m\u00e1s tiempo, de modo que se puede practicar deporte o terapia acu\u00e1tica sin tener que abandonar debido al fr\u00edo.<\/p>\n<p>La diferencia entre disponer o no de un traje t\u00e9rmico adaptado a las necesidades de las personas con discapacidad puede ser que estas puedan o no practicar un deporte acu\u00e1tico, acceder a sesiones de hidroterapia como parte de su programa de neurorrehabilitaci\u00f3n o simplemente disfrutar y relajarse en la piscina o en la playa.<\/p>\n<p><em>\u201cHab\u00eda que hacer un traje para solventar estos problemas, que pudiera ponerse con facilidad y evitara el fr\u00edo\u201d,<\/em> dice<strong> Cristina Solaun<\/strong>, dise\u00f1adora de\u00a0<a href=\"https:\/\/seland.com\/\" target=\"_blank\" rel=\"noopener\">Seland<\/a>. Y para darnos a conocer los nuevos modelos de su empresa, se acerc\u00f3 el viernes 22 al Centro de Neurorrehabiltiaci\u00f3n Aita Menni de Bilbao.<\/p>\n<p>El agua puede ser un medio muy adecuado para la rehabilitaci\u00f3n y mantenimiento f\u00edsico de una persona con discapacidad. Cuando flota en el agua, su cuerpo se libera de esas ataduras f\u00edsicas que conlleva la par\u00e1lisis y disfruta de la ingravidez. Pero debido a sus dificultades, las personas con discapacidad no se mueven lo suficiente en el agua para generar calor y la temperatura les baja r\u00e1pidamente.\u00a0La utilizaci\u00f3n de un traje t\u00e9rmico es fundamental.<\/p>\n<p>Los trajes t\u00e9rmicos de Seland sirven para estar cuatro veces m\u00e1s tiempo en al agua, gracias al tejido polar que llevan en el interior. Adem\u00e1s de protecci\u00f3n a los golpes, incorporan un sistema que regula el equilibrio con flotabilidad negativa o positiva seg\u00fan las necesidades.<\/p>\n<h4><strong>Sistema de f\u00e1cil colocaci\u00f3n <\/strong><\/h4>\n<p>Son neoprenos especialmente dise\u00f1ados para poner y quitar con facilidad. Como <a href=\"https:\/\/drive.google.com\/file\/d\/1FHWGp8wUX23GYmw18r1z04mhxI12ep0d\/view\" target=\"_blank\" rel=\"noopener\">puede verse en el v\u00eddeo al que se accede en este enlace<\/a>, est\u00e1n pensados para que se los puedan poner con o sin ayuda personas con movilidad reducida, con discapacidad moderada, severa o total en pocos minutos. El traje se abre totalmente, la persona se tumba o se sienta encima y se va cerrando como un sobre por los laterales mediante velcros. El collar cervical mantiene la cabeza sujeta y fuera del agua en la posici\u00f3n adecuada, gracias al neopreno con foam interior distribuido para regular el equilibrio seg\u00fan las necesidades de cada persona. Para mayor necesidad y seguridad lleva una pieza accesoria (pull-neck) para reforzar la direcci\u00f3n del cuello. As\u00ed se asegura la inmovilidad de la cabeza y facilita el trabajo del fisioterapeuta.<\/p>\n<p>Un traje como estos resulta de gran utilidad para disfrutar de los beneficios del agua y puede facilitar el trabajo tanto a cuidadores como a profesionales de la rehabilitaci\u00f3n. Con el neopreno se mantiene el calor corporal m\u00e1s tiempo, de modo que se pueden hacer los ejercicios sin tener que suspenderlos enseguida a causa del fr\u00edo.<\/p>\n","protected":false},"excerpt":{"rendered":"<p>Con el neopreno se mantiene el calor corporal m\u00e1s tiempo, de modo que se puede practicar deporte o terapia acu\u00e1tica sin tener que abandonar debido al fr\u00edo. La diferencia entre disponer o no de un traje t\u00e9rmico adaptado a las necesidades de las personas con discapacidad puede ser que estas puedan o no practicar un&hellip;<\/p>\n","protected":false},"author":3,"featured_media":74162,"comment_status":"open","ping_status":"open","sticky":false,"template":"","format":"standard","meta":{"footnotes":""},"categories":[1022,1048,1021,1020],"tags":[1214],"_links":{"self":[{"href":"https:\/\/xn--daocerebral-2db.es\/ca\/wp-json\/wp\/v2\/posts\/42745"}],"collection":[{"href":"https:\/\/xn--daocerebral-2db.es\/ca\/wp-json\/wp\/v2\/posts"}],"about":[{"href":"https:\/\/xn--daocerebral-2db.es\/ca\/wp-json\/wp\/v2\/types\/post"}],"author":[{"embeddable":true,"href":"https:\/\/xn--daocerebral-2db.es\/ca\/wp-json\/wp\/v2\/users\/3"}],"replies":[{"embeddable":true,"href":"https:\/\/xn--daocerebral-2db.es\/ca\/wp-json\/wp\/v2\/comments?post=42745"}],"version-history":[{"count":1,"href":"https:\/\/xn--daocerebral-2db.es\/ca\/wp-json\/wp\/v2\/posts\/42745\/revisions"}],"predecessor-version":[{"id":79807,"href":"https:\/\/xn--daocerebral-2db.es\/ca\/wp-json\/wp\/v2\/posts\/42745\/revisions\/79807"}],"wp:featuredmedia":[{"embeddable":true,"href":"https:\/\/xn--daocerebral-2db.es\/ca\/wp-json\/wp\/v2\/media\/74162"}],"wp:attachment":[{"href":"https:\/\/xn--daocerebral-2db.es\/ca\/wp-json\/wp\/v2\/media?parent=42745"}],"wp:term":[{"taxonomy":"category","embeddable":true,"href":"https:\/\/xn--daocerebral-2db.es\/ca\/wp-json\/wp\/v2\/categories?post=42745"},{"taxonomy":"post_tag","embeddable":true,"href":"https:\/\/xn--daocerebral-2db.es\/ca\/wp-json\/wp\/v2\/tags?post=42745"}],"curies":[{"name":"wp","href":"https:\/\/api.w.org\/{rel}","templated":true}]}}