{"id":31396,"date":"2017-02-20T09:15:34","date_gmt":"2017-02-20T09:15:34","guid":{"rendered":"http:\/\/xn--daocerebral-2db.es\/?p=31396"},"modified":"2024-01-07T08:48:44","modified_gmt":"2024-01-07T08:48:44","slug":"logopedas-de-aita-menni-siguen-ensenando-sobre-dano-cerebral-en-la-universidad-pontificia-de-salamanca","status":"publish","type":"post","link":"https:\/\/xn--daocerebral-2db.es\/ca\/logopedas-de-aita-menni-siguen-ensenando-sobre-dano-cerebral-en-la-universidad-pontificia-de-salamanca\/","title":{"rendered":"Logopedas de Aita Menni siguen ense\u00f1ando sobre da\u00f1o cerebral en la Universidad Pontificia de Salamanca"},"content":{"rendered":"<p>Por cuarto a\u00f1o consecutivo, logopedas de Aita Menni se desplazaron a Salamanca para impartir un taller sobre \u00a0DCA<\/p>\n<p>Como cada a\u00f1o, el convenio de colaboraci\u00f3n que mantiene el Servicio de Da\u00f1o Cerebral del Hospital de Aita Menni con la <a href=\"https:\/\/www.upsa.es\" target=\"_blank\" rel=\"noopener\">Universidad Pontificia de Salamanca<\/a> (UPSA) permiti\u00f3 a tres alumnas del grado de logopedia disfrutar de un mes y medio de pr\u00e1cticas en los centros de Mondrag\u00f3n, San Sebasti\u00e1n y Bilbao. Fruto de este acuerdo es tambi\u00e9n el curso monogr\u00e1fico sobre el tratamiento logop\u00e9dico de las <a href=\"http:\/\/da\u00f1ocerebral.es\/el-dano-cerebral\/consecuencias\/\" target=\"_blank\" rel=\"noopener\">secuelas del da\u00f1o cerebral<\/a>\u00a0mediante el que nuestras especialistas comparten en Salamanca sus conocimientos y experiencia.<\/p>\n<p>En esta cuarta edici\u00f3n,<strong> \u00c1ngela Fern\u00e1ndez de Corres<\/strong> y <a href=\"http:\/\/da\u00f1ocerebral.es\/ampliando-conocimientos-en-el-congreso-de-la-sociedad-europea-de-trastornos-de-la-deglucion\/\" target=\"_blank\" rel=\"noopener\">Marina Pascual<\/a>, logopedas del <strong>Centro de Neurorrehabilitaci\u00f3n (CENER) Aita Menni de Bilbao<\/strong> y antiguas alumnas del grado de Logopedia de la UPSA, fueron las encargadas de impartir el curso te\u00f3rico y pr\u00e1ctico.\u00a0 A lo largo del taller, \u00a0las personas asistentes pudieron profundizar en el abordaje de las <a href=\"http:\/\/da\u00f1ocerebral.es\/publicacion\/guia-afasia-vol-1\/\" target=\"_blank\" rel=\"noopener\">afasias<\/a>, <a href=\"http:\/\/da\u00f1ocerebral.es\/publicacion\/video-tecnicas-de-ayuda-para-personas-con-disartria-y-familiares\/\" target=\"_blank\" rel=\"noopener\">disartrias<\/a>, disglosias, alteraciones de la voz, <a href=\"http:\/\/da\u00f1ocerebral.es\/publicacion\/guia-para-el-manejo-de-la-disfagia-pautas-para-personas-con-problemas-de-deglucion\/\" target=\"_blank\" rel=\"noopener\">disfagia<\/a>, motricidad orofacial y sistemas alternativos de la comunicaci\u00f3n\u00a0(SAC).<\/p>\n<p><img loading=\"lazy\" decoding=\"async\" class=\"alignleft size-full wp-image-31388\" src=\"https:\/\/xn--daocerebral-2db.es\/wp-content\/uploads\/2017\/02\/Logopedia-Salamanca.jpg\" alt=\"Logopedia-Salamanca\" width=\"600\" height=\"606\" srcset=\"https:\/\/xn--daocerebral-2db.es\/wp-content\/uploads\/2017\/02\/Logopedia-Salamanca.jpg 600w, https:\/\/xn--daocerebral-2db.es\/wp-content\/uploads\/2017\/02\/Logopedia-Salamanca-297x300.jpg 297w\" sizes=\"(max-width: 600px) 100vw, 600px\" \/><\/p>\n<p>Adem\u00e1s, gracias a la participaci\u00f3n de\u00a0la participaci\u00f3n de <strong>Clara Jim\u00e9nez<\/strong> y <strong>Olaia Cuadrado<\/strong>, que transmitieron con entusiasmo su experiencia de pr\u00e1cticas durante el pasado verano en el <strong>CENER de Bilbao<\/strong> y en el <strong>Centro de Da\u00f1o Cerebral Zuatzu de San Sebasti\u00e1n<\/strong>, respectivamente, los alumnos tuvieron la oportunidad de ponerse en el papel del logopeda que ser\u00e1n cuando terminen la carrera.<\/p>\n<p><img loading=\"lazy\" decoding=\"async\" class=\"alignleft size-full wp-image-31390\" src=\"https:\/\/xn--daocerebral-2db.es\/wp-content\/uploads\/2017\/02\/Logopedia-Salamanca1.jpg\" alt=\"Logopedia-Salamanca1\" width=\"600\" height=\"688\" srcset=\"https:\/\/xn--daocerebral-2db.es\/wp-content\/uploads\/2017\/02\/Logopedia-Salamanca1.jpg 600w, https:\/\/xn--daocerebral-2db.es\/wp-content\/uploads\/2017\/02\/Logopedia-Salamanca1-261x300.jpg 261w\" sizes=\"(max-width: 600px) 100vw, 600px\" \/><\/p>\n<p>La parte pr\u00e1ctica result\u00f3 muy enriquecedora. Los futuros logopedas tocaron material, lo probaron entre ellos y hasta se atrevieron a realizar texturas con agua y espesante para la prueba de disfagia.<\/p>\n<p>Un a\u00f1o m\u00e1s, sin duda, el monogr\u00e1fico sobre logopedia y DCA no dej\u00f3 a nadie indiferente. Y de nuevo las logopedas de Aita Menni han vuelto con una buen\u00edsima sensaci\u00f3n y el convencimiento de que repetir\u00e1n. Desde aqu\u00ed queremos hacer llegar nuestro agradecimiento a\u00a0<strong>Teresa Llorente Arcocha<\/strong>, decana del grado de Logopedia de la Universidad\u00a0 Pontificia de Salamanca, por su apoyo y c\u00e1lida acogida.<\/p>\n","protected":false},"excerpt":{"rendered":"<p>Por cuarto a\u00f1o consecutivo, logopedas de Aita Menni se desplazaron a Salamanca para impartir un taller sobre \u00a0DCA Como cada a\u00f1o, el convenio de colaboraci\u00f3n que mantiene el Servicio de Da\u00f1o Cerebral del Hospital de Aita Menni con la Universidad Pontificia de Salamanca (UPSA) permiti\u00f3 a tres alumnas del grado de logopedia disfrutar de un&hellip;<\/p>\n","protected":false},"author":3,"featured_media":72808,"comment_status":"open","ping_status":"open","sticky":false,"template":"","format":"standard","meta":{"footnotes":""},"categories":[1022,1048,1021,1020],"tags":[],"_links":{"self":[{"href":"https:\/\/xn--daocerebral-2db.es\/ca\/wp-json\/wp\/v2\/posts\/31396"}],"collection":[{"href":"https:\/\/xn--daocerebral-2db.es\/ca\/wp-json\/wp\/v2\/posts"}],"about":[{"href":"https:\/\/xn--daocerebral-2db.es\/ca\/wp-json\/wp\/v2\/types\/post"}],"author":[{"embeddable":true,"href":"https:\/\/xn--daocerebral-2db.es\/ca\/wp-json\/wp\/v2\/users\/3"}],"replies":[{"embeddable":true,"href":"https:\/\/xn--daocerebral-2db.es\/ca\/wp-json\/wp\/v2\/comments?post=31396"}],"version-history":[{"count":2,"href":"https:\/\/xn--daocerebral-2db.es\/ca\/wp-json\/wp\/v2\/posts\/31396\/revisions"}],"predecessor-version":[{"id":81247,"href":"https:\/\/xn--daocerebral-2db.es\/ca\/wp-json\/wp\/v2\/posts\/31396\/revisions\/81247"}],"wp:featuredmedia":[{"embeddable":true,"href":"https:\/\/xn--daocerebral-2db.es\/ca\/wp-json\/wp\/v2\/media\/72808"}],"wp:attachment":[{"href":"https:\/\/xn--daocerebral-2db.es\/ca\/wp-json\/wp\/v2\/media?parent=31396"}],"wp:term":[{"taxonomy":"category","embeddable":true,"href":"https:\/\/xn--daocerebral-2db.es\/ca\/wp-json\/wp\/v2\/categories?post=31396"},{"taxonomy":"post_tag","embeddable":true,"href":"https:\/\/xn--daocerebral-2db.es\/ca\/wp-json\/wp\/v2\/tags?post=31396"}],"curies":[{"name":"wp","href":"https:\/\/api.w.org\/{rel}","templated":true}]}}